{"id":1467,"date":"2026-09-02T12:39:43","date_gmt":"2026-09-02T10:39:43","guid":{"rendered":"https:\/\/art-therapie-laurencegarmadi.fr\/?p=1467"},"modified":"2026-09-02T12:56:42","modified_gmt":"2026-09-02T10:56:42","slug":"rentree-2026","status":"publish","type":"post","link":"https:\/\/art-therapie-laurencegarmadi.fr\/?p=1467","title":{"rendered":"Rentr\u00e9e 2026"},"content":{"rendered":"\n<figure class=\"wp-block-image\"><img loading=\"lazy\" decoding=\"async\" width=\"768\" height=\"1024\" src=\"https:\/\/art-therapie-laurencegarmadi.fr\/wp-content\/uploads\/2026\/09\/DSC_1907-768x1024.jpg\" alt=\"\" class=\"wp-image-1468\" srcset=\"https:\/\/art-therapie-laurencegarmadi.fr\/wp-content\/uploads\/2026\/09\/DSC_1907-768x1024.jpg 768w, https:\/\/art-therapie-laurencegarmadi.fr\/wp-content\/uploads\/2026\/09\/DSC_1907-225x300.jpg 225w, https:\/\/art-therapie-laurencegarmadi.fr\/wp-content\/uploads\/2026\/09\/DSC_1907-1152x1536.jpg 1152w, https:\/\/art-therapie-laurencegarmadi.fr\/wp-content\/uploads\/2026\/09\/DSC_1907-1536x2048.jpg 1536w, https:\/\/art-therapie-laurencegarmadi.fr\/wp-content\/uploads\/2026\/09\/DSC_1907-scaled.jpg 1920w\" sizes=\"(max-width: 767px) 89vw, (max-width: 1000px) 54vw, (max-width: 1071px) 543px, 580px\" \/><\/figure>\n\n\n\n<p class=\"has-text-align-center has-vivid-green-cyan-color has-text-color has-link-color has-large-font-size wp-elements-2b39c651dd44f8060ba7d2f01d702e83\">En-corps une rentr\u00e9e !<\/p>\n\n\n\n<p class=\"has-text-align-center has-medium-font-size\" style=\"font-style:normal;font-weight:600\">Une rentr\u00e9e \u00e0 aligner en accord avec nous m\u00eame. Les directions peuvent \u00eatre multiples. L&rsquo;essentiel est au centre. Permettant au passage d&rsquo;\u00e9clairer notre part d&rsquo;ombre. <\/p>\n\n\n\n<p class=\"has-text-align-center has-medium-font-size\" style=\"font-style:normal;font-weight:600\">Notre Voix est une de ces voies, d\u00e9voilant l&rsquo;essentiel. \u00c0 la fois douce, puissante, parfois sauvage, elle nous aide gr\u00e2ce \u00e0 notre \u00e9coute, nos silences,  \u00e0 restaurer l&rsquo;Harmonie en nous et autour de nous, vers le monde, contribuant \u00e0 rester \u00e9merveill\u00e9-e-s.<\/p>\n\n\n\n<p class=\"has-text-align-center has-medium-font-size\" style=\"font-style:normal;font-weight:600\">Puisse-t-elle en cette rentr\u00e9e, r\u00e9veiller et faire r\u00e9sonner notre Libert\u00e9 d\u2019\u00catre.<\/p>\n","protected":false},"excerpt":{"rendered":"<p>En-corps une rentr\u00e9e ! Une rentr\u00e9e \u00e0 aligner en accord avec nous m\u00eame. Les directions peuvent \u00eatre multiples. L&rsquo;essentiel est au centre. Permettant au passage d&rsquo;\u00e9clairer notre part d&rsquo;ombre. Notre Voix est une de ces voies, d\u00e9voilant l&rsquo;essentiel. \u00c0 la fois douce, puissante, parfois sauvage, elle nous aide gr\u00e2ce \u00e0 notre \u00e9coute, nos silences, \u00e0 &hellip; <\/p>\n<p class=\"link-more\"><a href=\"https:\/\/art-therapie-laurencegarmadi.fr\/?p=1467\" class=\"more-link\">Continuer la lecture<span class=\"screen-reader-text\"> de &laquo;&nbsp;Rentr\u00e9e 2026&nbsp;&raquo;<\/span><\/a><\/p>\n","protected":false},"author":1,"featured_media":0,"comment_status":"open","ping_status":"open","sticky":false,"template":"","format":"standard","meta":{"footnotes":""},"categories":[1],"tags":[],"_links":{"self":[{"href":"https:\/\/art-therapie-laurencegarmadi.fr\/index.php?rest_route=\/wp\/v2\/posts\/1467"}],"collection":[{"href":"https:\/\/art-therapie-laurencegarmadi.fr\/index.php?rest_route=\/wp\/v2\/posts"}],"about":[{"href":"https:\/\/art-therapie-laurencegarmadi.fr\/index.php?rest_route=\/wp\/v2\/types\/post"}],"author":[{"embeddable":true,"href":"https:\/\/art-therapie-laurencegarmadi.fr\/index.php?rest_route=\/wp\/v2\/users\/1"}],"replies":[{"embeddable":true,"href":"https:\/\/art-therapie-laurencegarmadi.fr\/index.php?rest_route=%2Fwp%2Fv2%2Fcomments&post=1467"}],"version-history":[{"count":5,"href":"https:\/\/art-therapie-laurencegarmadi.fr\/index.php?rest_route=\/wp\/v2\/posts\/1467\/revisions"}],"predecessor-version":[{"id":1475,"href":"https:\/\/art-therapie-laurencegarmadi.fr\/index.php?rest_route=\/wp\/v2\/posts\/1467\/revisions\/1475"}],"wp:attachment":[{"href":"https:\/\/art-therapie-laurencegarmadi.fr\/index.php?rest_route=%2Fwp%2Fv2%2Fmedia&parent=1467"}],"wp:term":[{"taxonomy":"category","embeddable":true,"href":"https:\/\/art-therapie-laurencegarmadi.fr\/index.php?rest_route=%2Fwp%2Fv2%2Fcategories&post=1467"},{"taxonomy":"post_tag","embeddable":true,"href":"https:\/\/art-therapie-laurencegarmadi.fr\/index.php?rest_route=%2Fwp%2Fv2%2Ftags&post=1467"}],"curies":[{"name":"wp","href":"https:\/\/api.w.org\/{rel}","templated":true}]}}